{"id":780,"date":"2023-05-16T08:03:07","date_gmt":"2023-05-16T06:03:07","guid":{"rendered":"https:\/\/blackazalea.hu\/?p=780"},"modified":"2023-06-09T15:58:27","modified_gmt":"2023-06-09T13:58:27","slug":"mi-az-a-digitalis-naplozas-es-miert-erdemes-ezt-valasztani","status":"publish","type":"post","link":"https:\/\/blackazalea.hu\/en\/mi-az-a-digitalis-naplozas-es-miert-erdemes-ezt-valasztani\/","title":{"rendered":"Mi az a digit\u00e1lis napl\u00f3z\u00e1s, \u00e9s mi\u00e9rt \u00e9rdemes ezt v\u00e1lasztani?"},"content":{"rendered":"<p>A napl\u00f3z\u00e1s csod\u00e1latos, hasznos dolog. Seg\u00edt a produktivit\u00e1sban, \u00f6nismeretben, \u00e9s kreativit\u00e1sunk eszk\u00f6ze is lehet.<\/p>\n\n\n\n<p>A tradicion\u00e1lis napl\u00f3z\u00e1snak vannak olyan aspektusai, amelyeket lehetetlen reproduk\u00e1lni digit\u00e1lisan \u2013 a pap\u00edr tapint\u00e1sa, illata, a v\u00e1g\u00e1s, ragaszt\u00e1s &#8211; akik ezek n\u00e9lk\u00fcl nem tudj\u00e1k elk\u00e9pzelni ezt a tev\u00e9kenys\u00e9get, bizony \u00e9rezhetnek egy kis hi\u00e1ny\u00e9rzetet, ha virtu\u00e1lis jegyzetel\u00e9sbe kezdenek.<\/p>\n\n\n\n<p>Ugyanakkor a digit\u00e1lis napl\u00f3z\u00e1snak sz\u00e1mos olyan el\u0151nye van a trad\u00edcin\u00e1lis jegyzetekkel szemben, melyek sokak sz\u00e1m\u00e1ra ide\u00e1lis seg\u00edt\u0151t\u00e1rss\u00e1 teszik.<\/p>\n\n\n\n<figure class=\"wp-block-image size-large\"><img decoding=\"async\" width=\"1024\" height=\"650\" data-src=\"https:\/\/blackazalea.hu\/wp-content\/uploads\/2023\/06\/BLOGPOST-image3-1024x650.jpg\" alt=\"\" class=\"wp-image-892 lazyload\" data-srcset=\"https:\/\/blackazalea.hu\/wp-content\/uploads\/2023\/06\/BLOGPOST-image3-1024x650.jpg 1024w, https:\/\/blackazalea.hu\/wp-content\/uploads\/2023\/06\/BLOGPOST-image3-600x381.jpg 600w, https:\/\/blackazalea.hu\/wp-content\/uploads\/2023\/06\/BLOGPOST-image3-300x190.jpg 300w, https:\/\/blackazalea.hu\/wp-content\/uploads\/2023\/06\/BLOGPOST-image3-768x487.jpg 768w, https:\/\/blackazalea.hu\/wp-content\/uploads\/2023\/06\/BLOGPOST-image3-1536x974.jpg 1536w, https:\/\/blackazalea.hu\/wp-content\/uploads\/2023\/06\/BLOGPOST-image3.jpg 1920w\" data-sizes=\"auto, (max-width: 1024px) 100vw, 1024px\" src=\"data:image\/svg+xml;base64,PHN2ZyB3aWR0aD0iMSIgaGVpZ2h0PSIxIiB4bWxucz0iaHR0cDovL3d3dy53My5vcmcvMjAwMC9zdmciPjwvc3ZnPg==\" style=\"--smush-placeholder-width: 1024px; --smush-placeholder-aspect-ratio: 1024\/650;\" \/><\/figure>\n\n\n\n<div class=\"wp-block-stackable-heading stk-block-heading stk-block-heading--v2 stk-block stk-1d42671\" id=\"de-mi-is-a-a-digitalis-naplozas\" data-block-id=\"1d42671\"><h2 class=\"stk-block-heading__text\">De mi is a a digit\u00e1lis napl\u00f3z\u00e1s?<\/h2><\/div>\n\n\n\n<p>A digit\u00e1lis napl\u00f3z\u00e1s egy modern megk\u00f6zel\u00edt\u00e9se a hagyom\u00e1nyos jegyzetel\u00e9snek, ahol <strong>PDF form\u00e1tum\u00fa napl\u00f3 \/ tervez\u0151f\u00e1jlok \u00e9s digit\u00e1lis eszk\u00f6z\u00f6k (ipad, tablet, stylus) seg\u00edts\u00e9g\u00e9vel r\u00f6gz\u00edtheted gondolataidat<\/strong>, c\u00e9ltudatosan tervezheted a feladataidat \u00e9s hat\u00e9konyabban szervezheted az \u00e9letedet.<\/p>\n\n\n\n<p>Milyen el\u0151nyei vannak az elektronikus jegyzetel\u00e9snek?<br>A digit\u00e1lis napl\u00f3 a hagyom\u00e1nyossal szemben:<\/p>\n\n\n\n<ol class=\"wp-block-list\" style=\"margin-top:0;margin-right:0;margin-bottom:0;margin-left:0;padding-top:var(--wp--preset--spacing--40);padding-right:var(--wp--preset--spacing--70);padding-bottom:var(--wp--preset--spacing--50);padding-left:var(--wp--preset--spacing--70)\">\n<li class=\"listspace\"><strong>K\u00f6nnyen jav\u00edthat\u00f3:<\/strong> Nincs sz\u00fcks\u00e9g t\u00f6r\u00f6lget\u00e9sre, feh\u00e9r\u00edt\u0151re vagy a pap\u00edron val\u00f3 \u00e1th\u00faz\u00e1sra, ha valamit f\u00e9lre\u00edrunk. Egyszer\u0171en t\u00f6r\u00f6lhetj\u00fck, \u00e1thelyezhetj\u00fck vagy jav\u00edthatjuk a bejegyz\u00e9st.<br><\/li>\n\n\n\n<li class=\"listspace\"><strong>Biztons\u00e1gos:<\/strong> Jelsz\u00f3v\u00e9delemmel \u00e9s biztons\u00e1gi ment\u00e9sekkel v\u00e9dekezhet\u00fcnk a v\u00e9letlen t\u00f6rl\u00e9s, elveszt\u00e9s vagy ak\u00e1r az illet\u00e9ktelen hozz\u00e1f\u00e9r\u00e9s ellen is.<br><\/li>\n\n\n\n<li class=\"listspace\"><strong>Rendszerezhet\u0151:<\/strong> Alegt\u00f6bb alkalmaz\u00e1s lehet\u0151v\u00e9 teszi, hogy jegyzeteinket, napl\u00f3lapjainkat csoportos\u00edtsuk \u00e9s \u00fajrendezz\u00fck. Ez\u00e1ltal k\u00f6nnyen \u00e1ttekinthet\u0151v\u00e9 v\u00e1lhat a rengeteg inform\u00e1ci\u00f3.<br><\/li>\n\n\n\n<li class=\"listspace\"><strong>Interakt\u00edv:<\/strong> Bejegyz\u00e9seinkhez k\u00e9peket, hangfelv\u00e9teleket, vide\u00f3kat vagy ak\u00e1r GIF-eket is hozz\u00e1adhatunk att\u00f3l f\u00fcgg\u0151en, mely alkalmaz\u00e1st haszn\u00e1ljuk. Ez\u00e1ltal gazdagabb\u00e1 \u00e9s szem\u00e9lyesebb\u00e9 tehetj\u00fck a napl\u00f3nkat.<br><\/li>\n\n\n\n<li class=\"listspace\"><strong>K\u00f6lts\u00e9ghat\u00e9kony:<\/strong> Nincs sz\u00fcks\u00e9g pap\u00edrra, ceruz\u00e1ra, tollra vagy m\u00e1s alapanyagra. Egy okostelefon, tablet vagy sz\u00e1m\u00edt\u00f3g\u00e9p elegend\u0151 ahhoz, hogy l\u00e9trehozhassuk saj\u00e1t digit\u00e1lis napl\u00f3nkat. Az alkalmaz\u00e1sokban szabadon v\u00e1laszthatjuk meg \u00edr\u00f3eszk\u00f6zeink sz\u00edn\u00e9t, vastags\u00e1g\u00e1t, a megv\u00e1s\u00e1rolt napl\u00f3k, matric\u00e1k pedig \u00fajra \u00e9s \u00fajra felhaszn\u00e1lhat\u00f3k. Digit\u00e1lis term\u00e9kek v\u00e1s\u00e1rl\u00e1sakor nem kell sz\u00e1ll\u00edt\u00e1si k\u00f6lts\u00e9get, esetleg v\u00e1mot fizetn\u00fcnk, \u00e9s a csomag \u00e1tv\u00e1tel\u00e9vel sem kell vesz\u0151dn\u00fcnk.<br><\/li>\n\n\n\n<li class=\"listspace\"><strong>K\u00f6rnyezettudatos:<\/strong> Azoknak, akik szeretn\u00e9nek cs\u00f6kkenteni a pap\u00edrfelhaszn\u00e1l\u00e1st, vagy akik egyszer\u0171en csak szeretn\u00e9nek k\u00f6rnyezettudatosabb \u00e9letm\u00f3dot folytatni, a digit\u00e1lis napl\u00f3z\u00e1s egy nagyszer\u0171 lehet\u0151s\u00e9g. Nem kell t\u00f6bb\u00e9 pap\u00edrt haszn\u00e1lni, a megv\u00e1s\u00e1rolt term\u00e9kek csomagol\u00e1s\u00e1val sem j\u00e1r felesleges szem\u00e9t. A napl\u00f3k \u00e9s matric\u00e1k \u00fajra \u00e9s \u00fajra felhaszn\u00e1lhat\u00f3k, nem kell minden haszn\u00e1lathoz \u00fajragy\u00e1rtani \u0151ket \u00e9s a tele\u00edrt napl\u00f3kat g\u00e9p\u00fcnk\u00f6n vagy felh\u0151t\u00e1rhelyen elhelyezve rendezettebb lehet k\u00f6rnyezet\u00fcnk is.<\/li>\n<\/ol>\n\n\n\n<p><strong>+1: Kreat\u00edv:<\/strong> A digit\u00e1lis napl\u00f3z\u00e1s hagyom\u00e1nyos t\u00e1rs\u00e1hoz hasonl\u00f3an sz\u00e1mtalan lehet\u0151s\u00e9get k\u00edn\u00e1l a kreativit\u00e1s kifejez\u00e9s\u00e9re. Szabadon tervezhetj\u00fck, alak\u00edthatjuk \u00e9s testre szabhatjuk a napl\u00f3nkat. Rengeteg sablon, matrica, bet\u0171t\u00edpus, \u00e9s sz\u00edn \u00e1ll rendelkez\u00e9sre, hogy inspir\u00e1ljanak \u00e9s \u00f6szt\u00f6n\u00f6zzenek minket.<\/p>","protected":false},"excerpt":{"rendered":"<p>A napl\u00f3z\u00e1s csod\u00e1latos, hasznos dolog. Seg\u00edt a produktivit\u00e1sban, \u00f6nismeretben, \u00e9s kreativit\u00e1sunk eszk\u00f6ze is lehet. A tradicion\u00e1lis napl\u00f3z\u00e1snak vannak olyan aspektusai, amelyeket lehetetlen reproduk\u00e1lni digit\u00e1lisan \u2013 a pap\u00edr tapint\u00e1sa, illata, a v\u00e1g\u00e1s, ragaszt\u00e1s &#8211; akik ezek n\u00e9lk\u00fcl nem tudj\u00e1k elk\u00e9pzelni ezt a tev\u00e9kenys\u00e9get, bizony \u00e9rezhetnek egy kis hi\u00e1ny\u00e9rzetet, ha virtu\u00e1lis jegyzetel\u00e9sbe kezdenek. Ugyanakkor a digit\u00e1lis napl\u00f3z\u00e1snak [&hellip;]<\/p>\n","protected":false},"author":1,"featured_media":897,"comment_status":"closed","ping_status":"","sticky":false,"template":"","format":"standard","meta":{"footnotes":""},"categories":[26],"tags":[],"class_list":["post-780","post","type-post","status-publish","format-standard","has-post-thumbnail","hentry","category-digitalisnaplozas"],"blocksy_meta":[],"_links":{"self":[{"href":"https:\/\/blackazalea.hu\/en\/wp-json\/wp\/v2\/posts\/780","targetHints":{"allow":["GET"]}}],"collection":[{"href":"https:\/\/blackazalea.hu\/en\/wp-json\/wp\/v2\/posts"}],"about":[{"href":"https:\/\/blackazalea.hu\/en\/wp-json\/wp\/v2\/types\/post"}],"author":[{"embeddable":true,"href":"https:\/\/blackazalea.hu\/en\/wp-json\/wp\/v2\/users\/1"}],"replies":[{"embeddable":true,"href":"https:\/\/blackazalea.hu\/en\/wp-json\/wp\/v2\/comments?post=780"}],"version-history":[{"count":0,"href":"https:\/\/blackazalea.hu\/en\/wp-json\/wp\/v2\/posts\/780\/revisions"}],"wp:featuredmedia":[{"embeddable":true,"href":"https:\/\/blackazalea.hu\/en\/wp-json\/wp\/v2\/media\/897"}],"wp:attachment":[{"href":"https:\/\/blackazalea.hu\/en\/wp-json\/wp\/v2\/media?parent=780"}],"wp:term":[{"taxonomy":"category","embeddable":true,"href":"https:\/\/blackazalea.hu\/en\/wp-json\/wp\/v2\/categories?post=780"},{"taxonomy":"post_tag","embeddable":true,"href":"https:\/\/blackazalea.hu\/en\/wp-json\/wp\/v2\/tags?post=780"}],"curies":[{"name":"wp","href":"https:\/\/api.w.org\/{rel}","templated":true}]}}