{"id":872,"date":"2023-06-09T14:23:46","date_gmt":"2023-06-09T12:23:46","guid":{"rendered":"https:\/\/blackazalea.hu\/?p=872"},"modified":"2023-06-12T10:22:35","modified_gmt":"2023-06-12T08:22:35","slug":"kreativ-es-szorakoztato-programok-gyerekeknek-otthon-es-a-kertben","status":"publish","type":"post","link":"https:\/\/blackazalea.hu\/en\/kreativ-es-szorakoztato-programok-gyerekeknek-otthon-es-a-kertben\/","title":{"rendered":"Kreat\u00edv \u00e9s Sz\u00f3rakoztat\u00f3 Programok a Gyerekekkel Otthon \u00e9s a Kertben"},"content":{"rendered":"<p>Ahogy bek\u00f6sz\u00f6nt a ny\u00e1r \u00e9s a gyerekek felszabadulnak iskolai k\u00f6telezetts\u00e9geik al\u00f3l, sok sz\u00fcl\u0151 szeretn\u00e9 megtal\u00e1lni azokat a kreat\u00edv \u00e9s sz\u00f3rakoztat\u00f3 programokat, amik lek\u00f6thetik a gyermekek figyelm\u00e9t. Nem kell messzire menni vagy dr\u00e1ga bel\u00e9p\u0151ket v\u00e1s\u00e1rolni ahhoz, hogy izgalmas \u00e9s eml\u00e9kezetes nyarat biztos\u00edtsunk nekik. Otthon \u00e9s a kertben is rengeteg lehet\u0151s\u00e9g rejlik, hogy j\u00e1t\u00e9kosan fejlessz\u00fck a k\u00e9pzel\u0151er\u0151t, a kreativit\u00e1st \u00e9s a kapcsol\u00f3d\u00e1st a term\u00e9szethez. \u00cdme n\u00e9h\u00e1ny \u00f6tlet, amivel garant\u00e1ltan lek\u00f6theted \u0151ket:<\/p>\n\n\n\n<ol class=\"wp-block-list\">\n<li>Kavicsfest\u00e9s: Gy\u0171jts\u00e9tek \u00f6ssze sima kavicsokat, majd fessetek vagy rajzoljatok r\u00e1juk sz\u00ednes, vid\u00e1m mind\u00e1kat. K\u00e9sz\u00edts\u00e9tek bel\u0151l\u00fck \u00e1llatokat, vir\u00e1gokat vagy ak\u00e1r egyedi d\u00edszeket.<\/li>\n<\/ol>\n\n\n\n<figure class=\"wp-block-image size-large has-custom-border\"><img decoding=\"async\" width=\"1024\" height=\"833\" data-src=\"https:\/\/blackazalea.hu\/wp-content\/uploads\/2023\/06\/2-masolata-2-1024x833.jpg\" alt=\"\" class=\"has-border-color has-palette-color-1-border-color wp-image-888 lazyload\" data-srcset=\"https:\/\/blackazalea.hu\/wp-content\/uploads\/2023\/06\/2-masolata-2-1024x833.jpg 1024w, https:\/\/blackazalea.hu\/wp-content\/uploads\/2023\/06\/2-masolata-2-600x488.jpg 600w, https:\/\/blackazalea.hu\/wp-content\/uploads\/2023\/06\/2-masolata-2-300x244.jpg 300w, https:\/\/blackazalea.hu\/wp-content\/uploads\/2023\/06\/2-masolata-2-768x625.jpg 768w, https:\/\/blackazalea.hu\/wp-content\/uploads\/2023\/06\/2-masolata-2.jpg 1045w\" data-sizes=\"auto, (max-width: 1024px) 100vw, 1024px\" src=\"data:image\/svg+xml;base64,PHN2ZyB3aWR0aD0iMSIgaGVpZ2h0PSIxIiB4bWxucz0iaHR0cDovL3d3dy53My5vcmcvMjAwMC9zdmciPjwvc3ZnPg==\" style=\"--smush-placeholder-width: 1024px; --smush-placeholder-aspect-ratio: 1024\/833;\" \/><\/figure>\n\n\n\n<ol class=\"wp-block-list\" start=\"2\">\n<li>\u00c9p\u00edtsetek homokv\u00e1rat vagy homokkast\u00e9lyt a kertben vagy a homokoz\u00f3ban. A v\u00e1rat feld\u00edsz\u00edthetitek a festett kavicsokkal vagy nyaral\u00e1skor gy\u0171jt\u00f6tt csigah\u00e1zakkal kagyl\u00f3h\u00e9jakkal, vir\u00e1gokkal. <\/li>\n\n\n\n<li>M\u0171v\u00e9szeti projektek term\u00e9szetes anyagokkal: Gy\u0171jtsetek kir\u00e1ndul\u00e1skor vagy a parkban leveleket, vir\u00e1gokat, gallyakat vagy m\u00e1s term\u00e9szetes anyagokat, \u00e9s otthon k\u00e9sz\u00edtsetek bel\u0151l\u00fck koll\u00e1zsokat.<\/li>\n\n\n\n<li>K\u00e9sz\u00edtsetek saj\u00e1t var\u00e1zsp\u00e1lc\u00e1t: K\u00e9sz\u00edthettek Harry Potter hangulat\u00fa vagy t\u00fcnd\u00e9r var\u00e1zsp\u00e1lc\u00e1t, ak\u00e1r faragott var\u00e1zsl\u00f3botot is &#8211; a lehet\u0151s\u00e9gek sz\u00e1ma v\u00e9gtelen.  A var\u00e1zsl\u00f3s j\u00e1t\u00e9kok mag\u00e1val ragadj\u00e1k a gyerekeket: ilyenkor minden lehets\u00e9ges. <\/li>\n\n\n\n<li>Felh\u0151figyel\u00e9s: H\u00e1nyf\u00e9le alakot \u00e9s \u00e1llatot tal\u00e1ltok a felh\u0151k k\u00f6z\u00f6tt? \u00dcljetek ki a kertbe vagy a parkba, \u00e9s k\u00e9pzelj\u00e9tek k\u00fcl\u00f6nleges form\u00e1kat, t\u00f6rt\u00e9neteket a f\u00f6l\u00f6ttetek el\u00fasz\u00f3 felh\u0151kbe.<\/li>\n\n\n\n<li>Csillagles a szabadban: V\u00e1lasszatok egy tiszta \u00e9jszak\u00e1t, \u00e9s fek\u00fcdjetek ki egy takar\u00f3ra a szabadban a csillagok alatt. Ismerkedjetek meg a k\u00fcl\u00f6nb\u00f6z\u0151 csillagk\u00e9pekkel, \u00e9s pr\u00f3b\u00e1lj\u00e1tok megkeresni \u0151ket. <\/li>\n\n\n\n<li>Mad\u00e1ritat\u00e1s a kertben vagy a balkonon: K\u00e9sz\u00edtsetek mad\u00e1ritat\u00f3t a kertben vagy a balkonon, \u00e9s figyelj\u00e9tek meg a k\u00fcl\u00f6nb\u00f6z\u0151 mad\u00e1rfajokat.<\/li>\n\n\n\n<li>Kert\u00e9szked\u00e9s \u00e9s n\u00f6v\u00e9ny\u00fcltet\u00e9s: Hozzatok l\u00e9tre egy kis kertet otthon a gyerekekkel. \u00dcltessetek vir\u00e1gokat vagy z\u00f6lds\u00e9geket, \u00e9s gondoskodjatok r\u00f3luk, figyelve a n\u00f6veked\u00e9s\u00fcket.<\/li>\n<\/ol>\n\n\n\n<figure class=\"wp-block-image size-large has-custom-border\"><img decoding=\"async\" width=\"1024\" height=\"683\" data-src=\"https:\/\/blackazalea.hu\/wp-content\/uploads\/2023\/06\/pexels-yan-krukau-5479035-1024x683.jpg\" alt=\"\" class=\"has-border-color has-palette-color-1-border-color wp-image-875 lazyload\" data-srcset=\"https:\/\/blackazalea.hu\/wp-content\/uploads\/2023\/06\/pexels-yan-krukau-5479035-1024x683.jpg 1024w, https:\/\/blackazalea.hu\/wp-content\/uploads\/2023\/06\/pexels-yan-krukau-5479035-600x400.jpg 600w, https:\/\/blackazalea.hu\/wp-content\/uploads\/2023\/06\/pexels-yan-krukau-5479035-300x200.jpg 300w, https:\/\/blackazalea.hu\/wp-content\/uploads\/2023\/06\/pexels-yan-krukau-5479035-768x512.jpg 768w, https:\/\/blackazalea.hu\/wp-content\/uploads\/2023\/06\/pexels-yan-krukau-5479035-1536x1024.jpg 1536w, https:\/\/blackazalea.hu\/wp-content\/uploads\/2023\/06\/pexels-yan-krukau-5479035.jpg 1920w\" data-sizes=\"auto, (max-width: 1024px) 100vw, 1024px\" src=\"data:image\/svg+xml;base64,PHN2ZyB3aWR0aD0iMSIgaGVpZ2h0PSIxIiB4bWxucz0iaHR0cDovL3d3dy53My5vcmcvMjAwMC9zdmciPjwvc3ZnPg==\" style=\"--smush-placeholder-width: 1024px; --smush-placeholder-aspect-ratio: 1024\/683;\" \/><\/figure>\n\n\n\n<ol class=\"wp-block-list\" start=\"9\">\n<li>Kuck\u00f3\u00e9p\u00edt\u00e9s a kertben: \u00c9p\u00edts\u00e9tek fel egy\u00fctt egy kuck\u00f3t a kertben. Haszn\u00e1ljatok \u00e1gakat, leped\u0151ket \u00e9s p\u00e1rn\u00e1kat, hogy egy kis mened\u00e9ket hozzatok l\u00e9tre a gyerekeknek. De persze el\u0151vehetitek a s\u00e1trat is. Im\u00e1dni fogj\u00e1k!<\/li>\n\n\n\n<li>Pap\u00edrhaj\u00f3verseny a patakban: K\u00e9sz\u00edts\u00fcnk egyszer\u0171 pap\u00edrhaj\u00f3kat, \u00e9s engedj\u00fck el \u0151ket a k\u00f6zeli patakban vagy t\u00f3ban. K\u00f6vess\u00fck nyomon, melyik haj\u00f3 jut el messzebbre! Kismedenc\u00e9ben is j\u00e1tszhatj\u00e1tok, itt f\u00fajhatj\u00e1k a gyerekek a haj\u00f3kat.<\/li>\n\n\n\n<li>Fonalb\u00f3l k\u00e9sz\u00fclt kark\u00f6t\u0151k: Tan\u00edtsd meg a gyerekeknek, hogyan k\u00e9sz\u00edtsenek egyszer\u0171 fonalb\u00f3l kark\u00f6t\u0151ket. Haszn\u00e1ljatok k\u00fcl\u00f6nb\u00f6z\u0151 sz\u00edn\u0171 fonalakat. K\u00e9sz\u00edtsetek kark\u00f6t\u0151t a bar\u00e1toknak, gondoljatok r\u00e1juk, ha a ny\u00e1ron kevesebbet tal\u00e1lkoznak. <\/li>\n\n\n\n<li>Egyedi t\u00e1rsasj\u00e1t\u00e9k: Tervezz\u00e9tek meg \u00e9s k\u00e9sz\u00edts\u00e9tek el saj\u00e1t t\u00e1rsasj\u00e1t\u00e9kotokat. V\u00e1lasszatok egy t\u00e9m\u00e1t vagy alapt\u00f6rt\u00e9netet, amivel kapcsolatban sz\u00edvesen alkotnak a gyerekek, \u00e9s ami \u00e9vekig nagy \u00f6r\u00f6met okoz majd a k\u00f6z\u00f6s j\u00e1t\u00e9k sor\u00e1n. <\/li>\n\n\n\n<li>Kerti sz\u00ednh\u00e1z: Rendezzetek egy kis sz\u00ednh\u00e1zi el\u0151ad\u00e1st a kertben. K\u00e9sz\u00edtsetek jelmezeket \u00e9s d\u00edszleteket, majd j\u00e1tsszuk el egy\u00fctt egy kedvenc mes\u00e9t vagy t\u00f6rt\u00e9netet. De k\u00e9sz\u00fclhetnek pap\u00edrb\u00e1bok is, vagy \u00e1rny\u00e9ksz\u00ednh\u00e1z. Csak t\u0151letek f\u00fcgg.<\/li>\n\n\n\n<li>Pap\u00edr\u00f6reg\u00edt\u00e9s &#8211; te\u00e1val, k\u00e1v\u00e9zaccal: Haszn\u00e1ljatok te\u00e1t vagy k\u00e1v\u00e9zaccot a pap\u00edrok \u00f6reg\u00edt\u00e9s\u00e9hez. \u00c1ztass\u00e1tok be a pap\u00edrokat a folyad\u00e9kba, majd hagyj\u00e1tok megsz\u00e1radni. K\u00e9s\u0151bb ezeket az \u00f6reg\u00edtett pap\u00edrokat felhaszn\u00e1lhatj\u00e1tok kreat\u00edv projektekhez.<\/li>\n\n\n\n<li>K\u00e9sz\u00edtsetek pap\u00edrs\u00e1rk\u00e1nyt. Festhettek r\u00e1 s\u00e1rk\u00e1nyt, pegazust, sasmadarat, ejt\u0151erny\u0151st, \u0171rhaj\u00f3t. amit csak a gyerekek szeretn\u00e9nek, de k\u00e9sz\u00fclhet sz\u00ednpomp\u00e1s pap\u00edrokb\u00f3l is. D\u00edsz\u00edthetitek szalagokkal, krepp pap\u00edrral. Figyeljetek a s\u00faly\u00e1ra! M\u00e1r csak a szelet kell v\u00e1rni &#8211; micsoda m\u00f3ka!<\/li>\n\n\n\n<li>K\u00e9sz\u00edtsetek saj\u00e1t zen\u00e9l\u0151 hangszereket: Haszn\u00e1ljunk egyszer\u0171 anyagokat, mint p\u00e9ld\u00e1ul \u00fcres konzervdobozokb\u00f3l dobokat, kindertoj\u00e1sokb\u00f3l cs\u00f6rg\u0151ket, kartoncs\u0151b\u0151l z\u00fcmm\u00f6g\u0151t.  Rendezzetek egy kis koncertet a csal\u00e1dnak, bar\u00e1toknak.<\/li>\n\n\n\n<li>Sz\u00f6v\u00e9s, varr\u00e1s : A ny\u00e1r t\u00f6k\u00e9letes arra, hogy a gyerekek elsaj\u00e1t\u00edts\u00e1k a textilk\u00e9sz\u00edt\u00e9s vagy a varr\u00e1s alapjait. Eg\u00e9szen kicsikkel haszn\u00e1lhattok pap\u00edrcs\u00edkokat, kartont \u00e9s vastag fonalat., a nagyobbak pedig a jelenl\u00e9tedben elkezdhetnek t\u0171vel dolgozni. <\/li>\n\n\n\n<li>Kincskeres\u00e9s a kertben: Rejts el egy kincset, a gyerekek pedig t\u00e9rk\u00e9p seg\u00edts\u00e9g\u00e9vel vagy k\u00e1rty\u00e1kat k\u00f6vetve k\u00f6z\u00f6sen keress\u00e9k meg azt. Persze elrejthetsz sok kis apr\u00f3s\u00e1got is, \u00e9s versenyezhetnek, ki tal\u00e1l meg t\u00f6bbet- Ti tudj\u00e1tok, mit \u00e9lveznek jobban a gyerekeitek.<\/li>\n<\/ol>\n\n\n\n<figure class=\"wp-block-image size-large has-custom-border\"><img decoding=\"async\" width=\"1024\" height=\"683\" data-src=\"https:\/\/blackazalea.hu\/wp-content\/uploads\/2023\/06\/n-RFId0_7kep4-unsplash-1024x683.jpg\" alt=\"\" class=\"has-border-color has-palette-color-1-border-color wp-image-879 lazyload\" data-srcset=\"https:\/\/blackazalea.hu\/wp-content\/uploads\/2023\/06\/n-RFId0_7kep4-unsplash-1024x683.jpg 1024w, https:\/\/blackazalea.hu\/wp-content\/uploads\/2023\/06\/n-RFId0_7kep4-unsplash-600x400.jpg 600w, https:\/\/blackazalea.hu\/wp-content\/uploads\/2023\/06\/n-RFId0_7kep4-unsplash-300x200.jpg 300w, https:\/\/blackazalea.hu\/wp-content\/uploads\/2023\/06\/n-RFId0_7kep4-unsplash-768x512.jpg 768w, https:\/\/blackazalea.hu\/wp-content\/uploads\/2023\/06\/n-RFId0_7kep4-unsplash-1536x1024.jpg 1536w, https:\/\/blackazalea.hu\/wp-content\/uploads\/2023\/06\/n-RFId0_7kep4-unsplash.jpg 1920w\" data-sizes=\"auto, (max-width: 1024px) 100vw, 1024px\" src=\"data:image\/svg+xml;base64,PHN2ZyB3aWR0aD0iMSIgaGVpZ2h0PSIxIiB4bWxucz0iaHR0cDovL3d3dy53My5vcmcvMjAwMC9zdmciPjwvc3ZnPg==\" style=\"--smush-placeholder-width: 1024px; --smush-placeholder-aspect-ratio: 1024\/683;\" \/><\/figure>\n\n\n\n<ol class=\"wp-block-list\" start=\"19\">\n<li>Vizes j\u00e1t\u00e9kok a kertben: Hozd el\u0151  a v\u00edz\u00e1gy\u00fakat, sprinklereket vagy egy medenc\u00e9t, \u00e9s \u00e9lvezz\u00e9tek a kerti vizes j\u00e1t\u00e9kokat a forr\u00f3 ny\u00e1ri napokon.<\/li>\n\n\n\n<li>\u00dcgyess\u00e9gi j\u00e1t\u00e9kok a f\u0171ben: Rendezzetek egy kis \u00fcgyess\u00e9gi versenyt a f\u0171ben. K\u00e9sz\u00edts c\u00e9lba dob\u00e1st tejf\u00f6l\u00f6s poharakb\u00f3l, vagy fesz\u00edts ki k\u00f6teleket terept\u00e1rgyak k\u00f6z\u00e9, \u00e9s haladjanak \u00e1t a gyerekek an\u00e9lk\u00fcl, hogy hozz\u00e1\u00e9rn\u00e9nek. A lehet\u0151s\u00e9gek v\u00e9gtelenek.<\/li>\n<\/ol>\n\n\n\n<p>Rem\u00e9lem tal\u00e1lt\u00e1l k\u00f6zt\u00fck p\u00e1r olyan \u00f6tletet, amit sz\u00edvesen kipr\u00f3b\u00e1ln\u00e1tok a ny\u00e1ron. Ha vannak m\u00e9g saj\u00e1t, j\u00f3l bev\u00e1lt program\u00f6tleteitek, k\u00e9rlek ossz\u00e1tok meg vel\u00fcnk! J\u00f3 sz\u00f3rakoz\u00e1st, vid\u00e1m nyarat! <\/p>","protected":false},"excerpt":{"rendered":"<p>Ahogy bek\u00f6sz\u00f6nt a ny\u00e1r \u00e9s a gyerekek felszabadulnak iskolai k\u00f6telezetts\u00e9geik al\u00f3l, sok sz\u00fcl\u0151 szeretn\u00e9 megtal\u00e1lni azokat a kreat\u00edv \u00e9s sz\u00f3rakoztat\u00f3 programokat, amik lek\u00f6thetik a gyermekek figyelm\u00e9t. Nem kell messzire menni vagy dr\u00e1ga bel\u00e9p\u0151ket v\u00e1s\u00e1rolni ahhoz, hogy izgalmas \u00e9s eml\u00e9kezetes nyarat biztos\u00edtsunk nekik. Otthon \u00e9s a kertben is rengeteg lehet\u0151s\u00e9g rejlik, hogy j\u00e1t\u00e9kosan fejlessz\u00fck a k\u00e9pzel\u0151er\u0151t, [&hellip;]<\/p>\n","protected":false},"author":1,"featured_media":873,"comment_status":"closed","ping_status":"","sticky":false,"template":"","format":"standard","meta":{"footnotes":""},"categories":[29],"tags":[],"class_list":["post-872","post","type-post","status-publish","format-standard","has-post-thumbnail","hentry","category-kreativ-gyerekeknek"],"blocksy_meta":[],"_links":{"self":[{"href":"https:\/\/blackazalea.hu\/en\/wp-json\/wp\/v2\/posts\/872","targetHints":{"allow":["GET"]}}],"collection":[{"href":"https:\/\/blackazalea.hu\/en\/wp-json\/wp\/v2\/posts"}],"about":[{"href":"https:\/\/blackazalea.hu\/en\/wp-json\/wp\/v2\/types\/post"}],"author":[{"embeddable":true,"href":"https:\/\/blackazalea.hu\/en\/wp-json\/wp\/v2\/users\/1"}],"replies":[{"embeddable":true,"href":"https:\/\/blackazalea.hu\/en\/wp-json\/wp\/v2\/comments?post=872"}],"version-history":[{"count":0,"href":"https:\/\/blackazalea.hu\/en\/wp-json\/wp\/v2\/posts\/872\/revisions"}],"wp:featuredmedia":[{"embeddable":true,"href":"https:\/\/blackazalea.hu\/en\/wp-json\/wp\/v2\/media\/873"}],"wp:attachment":[{"href":"https:\/\/blackazalea.hu\/en\/wp-json\/wp\/v2\/media?parent=872"}],"wp:term":[{"taxonomy":"category","embeddable":true,"href":"https:\/\/blackazalea.hu\/en\/wp-json\/wp\/v2\/categories?post=872"},{"taxonomy":"post_tag","embeddable":true,"href":"https:\/\/blackazalea.hu\/en\/wp-json\/wp\/v2\/tags?post=872"}],"curies":[{"name":"wp","href":"https:\/\/api.w.org\/{rel}","templated":true}]}}